{"id":758,"date":"2017-08-29T20:42:59","date_gmt":"2017-08-29T18:42:59","guid":{"rendered":"http:\/\/skolarusava.cz\/?p=758"},"modified":"2017-08-29T20:42:59","modified_gmt":"2017-08-29T18:42:59","slug":"organizace-skolniho-roku-20172018","status":"publish","type":"post","link":"http:\/\/skolarusava.cz\/?p=758","title":{"rendered":"Organizace \u0161koln\u00edho roku 2017\/2018"},"content":{"rendered":"<p><strong>Organizace \u0161koln\u00edho roku 2017\/2018 v z\u00e1kladn\u00edch \u0161kol\u00e1ch, st\u0159edn\u00edch \u0161kol\u00e1ch, z\u00e1kladn\u00edch um\u011bleck\u00fdch \u0161kol\u00e1ch a konzervato\u0159\u00edch<br \/>\n<\/strong><br \/>\nObdob\u00ed \u0161koln\u00edho vyu\u010dov\u00e1n\u00ed ve \u0161koln\u00edm roce 2017\/2018 za\u010dne ve v\u0161ech z\u00e1kladn\u00edch \u0161kol\u00e1ch,<br \/>\nst\u0159edn\u00edch \u0161kol\u00e1ch, z\u00e1kladn\u00edch um\u011bleck\u00fdch \u0161kol\u00e1ch a konzervato\u0159\u00edch v <strong>pond\u011bl\u00ed 4. z\u00e1\u0159\u00ed 2017<\/strong>.<br \/>\nVyu\u010dov\u00e1n\u00ed bude v prvn\u00edm pololet\u00ed ukon\u010deno <strong>ve st\u0159edu 31. ledna 2018<\/strong>. Obdob\u00ed \u0161koln\u00edho<br \/>\nvyu\u010dov\u00e1n\u00ed ve druh\u00e9m pololet\u00ed bude ukon\u010deno <strong>v p\u00e1tek 29. \u010dervna 2018<\/strong>.<!--more--><\/p>\n<p><strong>Podzimn\u00ed pr\u00e1zdniny <\/strong>p\u0159ipadnou na <strong>\u010dtvrtek 26. \u0159\u00edjna a p\u00e1tek 27. \u0159\u00edjna 2017<\/strong>. <strong>V\u00e1no\u010dn\u00ed pr\u00e1zdniny <\/strong>budou zah\u00e1jeny <strong>v sobotu 23. prosince 2017 <\/strong>a skon\u010d\u00ed <strong>v \u00fater\u00fd 2. ledna 2018. <\/strong>Vyu\u010dov\u00e1n\u00ed za\u010dne <strong>ve st\u0159edu 3. ledna 2018. <\/strong><\/p>\n<p><strong>Jednodenn\u00ed pololetn\u00ed pr\u00e1zdniny <\/strong>p\u0159ipadnou <strong>na p\u00e1tek 2. \u00fanora 2018. Jarn\u00ed pr\u00e1zdniny <\/strong>v d\u00e9lce jednoho t\u00fddne jsou podle s\u00eddla \u0161koly stanoveny takto:<\/p>\n<table width=\"633\">\n<tbody>\n<tr>\n<td width=\"200\"><strong>Term\u00edn <\/strong><\/td>\n<td width=\"433\"><strong>Okresy, obvody hl. m\u011bsta Prahy<\/strong><\/td>\n<\/tr>\n<tr>\n<td width=\"200\"><strong>5.2. &#8211; 11. 2. 2018 <\/strong><\/td>\n<td width=\"433\">Praha 1 a\u017e 5, Blansko, Brno-m\u011bsto, Brno-venkov, B\u0159eclav, Hodon\u00edn,<br \/>\nVy\u0161kov, Znojmo, Doma\u017elice, Tachov, Louny, Karvin\u00e1<\/td>\n<\/tr>\n<tr>\n<td width=\"200\"><strong>12. 2. &#8211; 18. 2. 2018 <\/strong><\/td>\n<td width=\"433\">Praha 6 a\u017e 10, Cheb, Karlovy Vary, Sokolov, Nymburk, Jind\u0159ich\u016fv<br \/>\nHradec, Litom\u011b\u0159ice, D\u011b\u010d\u00edn, P\u0159erov, Fr\u00fddek-M\u00edstek<\/td>\n<\/tr>\n<tr>\n<td width=\"200\"><strong>19. 2. &#8211; 25. 2. 2018 <\/strong><\/td>\n<td width=\"433\">Krom\u011b\u0159\u00ed\u017e, Uhersk\u00e9 Hradi\u0161t\u011b, Vset\u00edn, Zl\u00edn, Praha-v\u00fdchod, Praha-z\u00e1pad,<br \/>\nM\u011bln\u00edk, Rakovn\u00edk, Plze\u0148-m\u011bsto, Plze\u0148-sever, Plze\u0148-jih, Hradec<br \/>\nKr\u00e1lov\u00e9, Teplice, Nov\u00fd Ji\u010d\u00edn<\/td>\n<\/tr>\n<tr>\n<td width=\"200\"><strong>26. 2. &#8211; 4. 3. 2018 <\/strong><\/td>\n<td width=\"433\">\u010cesk\u00e1 L\u00edpa, Jablonec nad Nisou, Liberec, Semily, Havl\u00ed\u010dk\u016fv Brod,<br \/>\nJihlava, Pelh\u0159imov, T\u0159eb\u00ed\u010d, \u017d\u010f\u00e1r nad S\u00e1zavou, Kladno, Kol\u00edn, Kutn\u00e1<br \/>\nHora, P\u00edsek, N\u00e1chod, Brunt\u00e1l<\/td>\n<\/tr>\n<tr>\n<td width=\"200\"><strong>5. 3. &#8211; 11. 3. 2018 <\/strong><\/td>\n<td width=\"433\">Mlad\u00e1 Boleslav, P\u0159\u00edbram, T\u00e1bor, Prachatice, Strakonice, \u00dast\u00ed nad<br \/>\nLabem, Chomutov, Most, Ji\u010d\u00edn, Rychnov nad Kn\u011b\u017enou, Olomouc,<br \/>\n\u0160umperk, Opava, Jesen\u00edk<\/td>\n<\/tr>\n<tr>\n<td width=\"200\"><strong>12. 3. \u2013 18. 3. 2018 <\/strong><\/td>\n<td width=\"433\">Bene\u0161ov, Beroun, Rokycany, \u010cesk\u00e9 Bud\u011bjovice, \u010cesk\u00fd Krumlov,<br \/>\nKlatovy, Trutnov, Pardubice, Chrudim, Svitavy, \u00dast\u00ed nad Orlic\u00ed,<br \/>\nOstrava-m\u011bsto, Prost\u011bjov<\/td>\n<\/tr>\n<\/tbody>\n<\/table>\n<p><strong>Velikono\u010dn\u00ed pr\u00e1zdniny <\/strong>p\u0159ipadnou na <strong>\u010dtvrtek 29. b\u0159ezna a p\u00e1tek 30. b\u0159ezna 2018.<br \/>\n<\/strong>Pozn\u00e1mka: P\u00e1tek 30. b\u0159ezna 2018 je z\u00e1rove\u0148 tzv. ostatn\u00edm sv\u00e1tkem podle z\u00e1kona \u010d. 245\/2000 Sb., o st\u00e1tn\u00edch sv\u00e1tc\u00edch, o ostatn\u00edch sv\u00e1tc\u00edch, o v\u00fdznamn\u00fdch dnech a o dnech pracovn\u00edho klidu, ve zn\u011bn\u00ed pozd\u011bj\u0161\u00edch p\u0159edpis\u016f.<\/p>\n<p><strong>Hlavn\u00ed pr\u00e1zdniny <\/strong>budou trvat <strong>od pond\u011bl\u00ed 2. \u010dervence 2018 do p\u00e1tku 31. srpna 2018.<br \/>\n<\/strong>Obdob\u00ed \u0161koln\u00edho vyu\u010dov\u00e1n\u00ed <strong>ve \u0161koln\u00edm roce 2018\/2019 <\/strong>za\u010dne v <strong>pond\u011bl\u00ed 3. z\u00e1\u0159\u00ed 2018.<br \/>\n<\/strong><\/p>\n","protected":false},"excerpt":{"rendered":"<p>Organizace \u0161koln\u00edho roku 2017\/2018 v z\u00e1kladn\u00edch \u0161kol\u00e1ch, st\u0159edn\u00edch \u0161kol\u00e1ch, z\u00e1kladn\u00edch um\u011bleck\u00fdch \u0161kol\u00e1ch a konzervato\u0159\u00edch Obdob\u00ed \u0161koln\u00edho vyu\u010dov\u00e1n\u00ed ve \u0161koln\u00edm roce 2017\/2018 za\u010dne ve v\u0161ech z\u00e1kladn\u00edch \u0161kol\u00e1ch, st\u0159edn\u00edch \u0161kol\u00e1ch, z\u00e1kladn\u00edch um\u011bleck\u00fdch \u0161kol\u00e1ch a konzervato\u0159\u00edch v pond\u011bl\u00ed 4. z\u00e1\u0159\u00ed 2017. Vyu\u010dov\u00e1n\u00ed bude &hellip; <\/p>\n","protected":false},"author":2,"featured_media":0,"comment_status":"closed","ping_status":"open","sticky":false,"template":"","format":"standard","meta":[],"categories":[3],"tags":[],"_links":{"self":[{"href":"http:\/\/skolarusava.cz\/index.php?rest_route=\/wp\/v2\/posts\/758"}],"collection":[{"href":"http:\/\/skolarusava.cz\/index.php?rest_route=\/wp\/v2\/posts"}],"about":[{"href":"http:\/\/skolarusava.cz\/index.php?rest_route=\/wp\/v2\/types\/post"}],"author":[{"embeddable":true,"href":"http:\/\/skolarusava.cz\/index.php?rest_route=\/wp\/v2\/users\/2"}],"replies":[{"embeddable":true,"href":"http:\/\/skolarusava.cz\/index.php?rest_route=%2Fwp%2Fv2%2Fcomments&post=758"}],"version-history":[{"count":1,"href":"http:\/\/skolarusava.cz\/index.php?rest_route=\/wp\/v2\/posts\/758\/revisions"}],"predecessor-version":[{"id":759,"href":"http:\/\/skolarusava.cz\/index.php?rest_route=\/wp\/v2\/posts\/758\/revisions\/759"}],"wp:attachment":[{"href":"http:\/\/skolarusava.cz\/index.php?rest_route=%2Fwp%2Fv2%2Fmedia&parent=758"}],"wp:term":[{"taxonomy":"category","embeddable":true,"href":"http:\/\/skolarusava.cz\/index.php?rest_route=%2Fwp%2Fv2%2Fcategories&post=758"},{"taxonomy":"post_tag","embeddable":true,"href":"http:\/\/skolarusava.cz\/index.php?rest_route=%2Fwp%2Fv2%2Ftags&post=758"}],"curies":[{"name":"wp","href":"https:\/\/api.w.org\/{rel}","templated":true}]}}